{"id":317,"date":"2015-07-14T18:14:11","date_gmt":"2015-07-14T16:14:11","guid":{"rendered":"http:\/\/www.fredcophotos.com\/blog\/?p=317"},"modified":"2015-07-18T10:22:52","modified_gmt":"2015-07-18T08:22:52","slug":"martin-pecheur-video","status":"publish","type":"post","link":"https:\/\/www.fredcophotos.com\/blog\/2015\/07\/14\/martin-pecheur-video\/","title":{"rendered":"Martin p\u00eacheur (vid\u00e9o)"},"content":{"rendered":"<p>De retour apr\u00e8s une semaine photo en affut flottant dans les \u00e9tangs de la Dombes (Ain) o\u00f9 j&rsquo;ai fait&#8230; beaucoup d&rsquo;affut fixe aux martins p\u00eacheurs \ud83d\ude00<br \/>\nDes tonnes de photos mais aussi l&rsquo;occasion d&rsquo;utiliser la fonction vid\u00e9o de mon appareil photo \ud83d\ude42<br \/>\nPour les photos, je vous invite \u00e0 aller les voir sur <a href=\"https:\/\/www.facebook.com\/fredcophotos\">ma page FB<\/a>)<br \/>\nAu petit matin, les lumi\u00e8res \u00e9taient absolument g\u00e9niales et les martins \u00e9taient au rendez vous sur le spot : un adulte et 2 jeunes.<img loading=\"lazy\" class=\"aligncenter size-full wp-image-318\" src=\"https:\/\/www.fredcophotos.com\/blog\/wp-content\/uploads\/2015\/07\/DSC6123-J1-800.jpg\" alt=\"_DSC6123-J1-800\" width=\"800\" height=\"533\" srcset=\"https:\/\/www.fredcophotos.com\/blog\/wp-content\/uploads\/2015\/07\/DSC6123-J1-800.jpg 800w, https:\/\/www.fredcophotos.com\/blog\/wp-content\/uploads\/2015\/07\/DSC6123-J1-800-300x200.jpg 300w, https:\/\/www.fredcophotos.com\/blog\/wp-content\/uploads\/2015\/07\/DSC6123-J1-800-600x400.jpg 600w\" sizes=\"(max-width: 800px) 100vw, 800px\" \/>2 matin\u00e9es \u00e0 transpirer \u00e0 grosses gouttes sous l&rsquo;affut fixe d\u00e8s que le soleil passait le couvert des arbres mais \u00e7a valait le coup \ud83d\ude42<\/p>\n<p><iframe loading=\"lazy\" src=\"https:\/\/www.youtube.com\/embed\/RQrDjJJ_Trs\" width=\"800\" height=\"400\" frameborder=\"0\" allowfullscreen=\"allowfullscreen\"><\/iframe><\/p>\n","protected":false},"excerpt":{"rendered":"<p>De retour apr\u00e8s une semaine photo en affut flottant dans les \u00e9tangs de la Dombes (Ain) o\u00f9 j&rsquo;ai fait&#8230; beaucoup d&rsquo;affut fixe aux martins p\u00eacheurs \ud83d\ude00 Des tonnes de photos mais aussi l&rsquo;occasion d&rsquo;utiliser la fonction vid\u00e9o de mon appareil &#8230; <a class=\"more-link\" href=\"https:\/\/www.fredcophotos.com\/blog\/2015\/07\/14\/martin-pecheur-video\/\">Read More &raquo;<\/a><\/p>\n","protected":false},"author":1,"featured_media":331,"comment_status":"open","ping_status":"open","sticky":false,"template":"","format":"standard","meta":[],"categories":[31,33,8],"tags":[],"_links":{"self":[{"href":"https:\/\/www.fredcophotos.com\/blog\/wp-json\/wp\/v2\/posts\/317"}],"collection":[{"href":"https:\/\/www.fredcophotos.com\/blog\/wp-json\/wp\/v2\/posts"}],"about":[{"href":"https:\/\/www.fredcophotos.com\/blog\/wp-json\/wp\/v2\/types\/post"}],"author":[{"embeddable":true,"href":"https:\/\/www.fredcophotos.com\/blog\/wp-json\/wp\/v2\/users\/1"}],"replies":[{"embeddable":true,"href":"https:\/\/www.fredcophotos.com\/blog\/wp-json\/wp\/v2\/comments?post=317"}],"version-history":[{"count":12,"href":"https:\/\/www.fredcophotos.com\/blog\/wp-json\/wp\/v2\/posts\/317\/revisions"}],"predecessor-version":[{"id":332,"href":"https:\/\/www.fredcophotos.com\/blog\/wp-json\/wp\/v2\/posts\/317\/revisions\/332"}],"wp:featuredmedia":[{"embeddable":true,"href":"https:\/\/www.fredcophotos.com\/blog\/wp-json\/wp\/v2\/media\/331"}],"wp:attachment":[{"href":"https:\/\/www.fredcophotos.com\/blog\/wp-json\/wp\/v2\/media?parent=317"}],"wp:term":[{"taxonomy":"category","embeddable":true,"href":"https:\/\/www.fredcophotos.com\/blog\/wp-json\/wp\/v2\/categories?post=317"},{"taxonomy":"post_tag","embeddable":true,"href":"https:\/\/www.fredcophotos.com\/blog\/wp-json\/wp\/v2\/tags?post=317"}],"curies":[{"name":"wp","href":"https:\/\/api.w.org\/{rel}","templated":true}]}}