{"id":408,"date":"2016-08-15T10:46:57","date_gmt":"2016-08-15T08:46:57","guid":{"rendered":"http:\/\/www.fredcophotos.com\/blog\/?p=408"},"modified":"2016-08-15T10:46:57","modified_gmt":"2016-08-15T08:46:57","slug":"de-retour-foret","status":"publish","type":"post","link":"https:\/\/www.fredcophotos.com\/blog\/2016\/08\/15\/de-retour-foret\/","title":{"rendered":"De retour en for\u00eat&#8230;"},"content":{"rendered":"<p style=\"text-align: justify;\">Le week-end du 15 aout est toujours un bon moment pour retourner en for\u00eat apr\u00e8s de longs mois sans y avoir mis les pieds.<br \/>\nHistoire de reprendre le pouls de la for\u00eat, et s&rsquo;assurer que le terrain connu est toujours praticable. Quand il faudra y rentrer de nuit en septembre pendant le brame, autant bien le conna\u00eetre&#8230;<\/p>\n<p><img loading=\"lazy\" class=\"aligncenter size-full wp-image-410\" src=\"https:\/\/www.fredcophotos.com\/blog\/wp-content\/uploads\/2016\/08\/DSC0438-J1-800.jpg\" alt=\"_DSC0438-J1-800\" width=\"800\" height=\"533\" srcset=\"https:\/\/www.fredcophotos.com\/blog\/wp-content\/uploads\/2016\/08\/DSC0438-J1-800.jpg 800w, https:\/\/www.fredcophotos.com\/blog\/wp-content\/uploads\/2016\/08\/DSC0438-J1-800-300x200.jpg 300w, https:\/\/www.fredcophotos.com\/blog\/wp-content\/uploads\/2016\/08\/DSC0438-J1-800-768x512.jpg 768w, https:\/\/www.fredcophotos.com\/blog\/wp-content\/uploads\/2016\/08\/DSC0438-J1-800-600x400.jpg 600w\" sizes=\"(max-width: 800px) 100vw, 800px\" \/><\/p>\n<p style=\"text-align: justify;\">Bref, hier, \u00e9tait pr\u00e9vue une belle journ\u00e9e, l&rsquo;occasion d&rsquo;aller marcher quelques heures \u00e0 la fra\u00eeche. 9 petit degr\u00e9s en arrivant sur place alors que le soleil \u00e9tait \u00e0 peine en train de se lever. Une belle brume matinale pour m&rsquo;accompagner sur les petits chemins forestiers et surtout, ce que j&rsquo;aime par dessus tout, personne alentours&#8230; Juste la nature et moi \ud83d\ude00<\/p>\n<p><img loading=\"lazy\" class=\"aligncenter size-full wp-image-411\" src=\"https:\/\/www.fredcophotos.com\/blog\/wp-content\/uploads\/2016\/08\/DSC0456-J1-800.jpg\" alt=\"_DSC0456-J1-800\" width=\"800\" height=\"533\" srcset=\"https:\/\/www.fredcophotos.com\/blog\/wp-content\/uploads\/2016\/08\/DSC0456-J1-800.jpg 800w, https:\/\/www.fredcophotos.com\/blog\/wp-content\/uploads\/2016\/08\/DSC0456-J1-800-300x200.jpg 300w, https:\/\/www.fredcophotos.com\/blog\/wp-content\/uploads\/2016\/08\/DSC0456-J1-800-768x512.jpg 768w, https:\/\/www.fredcophotos.com\/blog\/wp-content\/uploads\/2016\/08\/DSC0456-J1-800-600x400.jpg 600w\" sizes=\"(max-width: 800px) 100vw, 800px\" \/><\/p>\n<p style=\"text-align: justify;\">Personne \u00e0 part moi donc.. dans tous les sens du terme, n&rsquo;ayant rien aper\u00e7u dans les parages mais les bons souvenirs de l&rsquo;an dernier me motivent d\u00e9j\u00e0 pour cette ann\u00e9e&#8230;<img loading=\"lazy\" class=\"aligncenter size-full wp-image-412\" src=\"https:\/\/www.fredcophotos.com\/blog\/wp-content\/uploads\/2016\/08\/DSC6729-J2-800.jpg\" alt=\"_DSC6729-J2-800\" width=\"800\" height=\"533\" srcset=\"https:\/\/www.fredcophotos.com\/blog\/wp-content\/uploads\/2016\/08\/DSC6729-J2-800.jpg 800w, https:\/\/www.fredcophotos.com\/blog\/wp-content\/uploads\/2016\/08\/DSC6729-J2-800-300x200.jpg 300w, https:\/\/www.fredcophotos.com\/blog\/wp-content\/uploads\/2016\/08\/DSC6729-J2-800-768x512.jpg 768w, https:\/\/www.fredcophotos.com\/blog\/wp-content\/uploads\/2016\/08\/DSC6729-J2-800-600x400.jpg 600w\" sizes=\"(max-width: 800px) 100vw, 800px\" \/><\/p>\n","protected":false},"excerpt":{"rendered":"<p>Le week-end du 15 aout est toujours un bon moment pour retourner en for\u00eat apr\u00e8s de longs mois sans y avoir mis les pieds. Histoire de reprendre le pouls de la for\u00eat, et s&rsquo;assurer que le terrain connu est toujours &#8230; <a class=\"more-link\" href=\"https:\/\/www.fredcophotos.com\/blog\/2016\/08\/15\/de-retour-foret\/\">Read More &raquo;<\/a><\/p>\n","protected":false},"author":1,"featured_media":416,"comment_status":"open","ping_status":"open","sticky":false,"template":"","format":"standard","meta":[],"categories":[41,24,42],"tags":[],"_links":{"self":[{"href":"https:\/\/www.fredcophotos.com\/blog\/wp-json\/wp\/v2\/posts\/408"}],"collection":[{"href":"https:\/\/www.fredcophotos.com\/blog\/wp-json\/wp\/v2\/posts"}],"about":[{"href":"https:\/\/www.fredcophotos.com\/blog\/wp-json\/wp\/v2\/types\/post"}],"author":[{"embeddable":true,"href":"https:\/\/www.fredcophotos.com\/blog\/wp-json\/wp\/v2\/users\/1"}],"replies":[{"embeddable":true,"href":"https:\/\/www.fredcophotos.com\/blog\/wp-json\/wp\/v2\/comments?post=408"}],"version-history":[{"count":5,"href":"https:\/\/www.fredcophotos.com\/blog\/wp-json\/wp\/v2\/posts\/408\/revisions"}],"predecessor-version":[{"id":417,"href":"https:\/\/www.fredcophotos.com\/blog\/wp-json\/wp\/v2\/posts\/408\/revisions\/417"}],"wp:featuredmedia":[{"embeddable":true,"href":"https:\/\/www.fredcophotos.com\/blog\/wp-json\/wp\/v2\/media\/416"}],"wp:attachment":[{"href":"https:\/\/www.fredcophotos.com\/blog\/wp-json\/wp\/v2\/media?parent=408"}],"wp:term":[{"taxonomy":"category","embeddable":true,"href":"https:\/\/www.fredcophotos.com\/blog\/wp-json\/wp\/v2\/categories?post=408"},{"taxonomy":"post_tag","embeddable":true,"href":"https:\/\/www.fredcophotos.com\/blog\/wp-json\/wp\/v2\/tags?post=408"}],"curies":[{"name":"wp","href":"https:\/\/api.w.org\/{rel}","templated":true}]}}